{"id":227,"date":"2024-12-01T18:15:15","date_gmt":"2024-12-01T18:15:15","guid":{"rendered":"https:\/\/blog.avue-ev.de\/?p=227"},"modified":"2025-01-09T11:26:45","modified_gmt":"2025-01-09T11:26:45","slug":"avue-goes-uni","status":"publish","type":"post","link":"https:\/\/blog.avue-ev.de\/?p=227","title":{"rendered":"AV\u00dc goes Uni"},"content":{"rendered":"\n<p>von Johanna Czerny<\/p>\n\n\n\n<p>Mai 2024 \u2013 etwas tut sich an den Unis und Hochschulen im deutschsprachigen Raum. 10 AV\u00dc-Mitglieder schw\u00e4rmen aus und bringen den Verband f\u00fcr audiovisuelle \u00dcbersetzer*innen in 14 St\u00e4dte, von Flensburg bis Graz, von Leipzig bis D\u00fcsseldorf. Die Aktion nennt sich AV\u00dc goes Uni und wurde ins Leben gerufen, um Berufsfelder wie Film\u00fcbersetzung, Videospiel-Lokalisierung und die Erstellung barrierefreier Fassungen ins Scheinwerferlicht zu r\u00fccken. So soll auf die Chancen und Herausforderungen aufmerksam gemacht werden, die diese Berufe und die dazugeh\u00f6rigen Branchen mit sich bringen, und zwar genau dort wo der Nachwuchs und die zuk\u00fcnftigen Kooperationspartner*innen f\u00fcr die Gewerke sitzen: in Studieng\u00e4ngen der Medienwissenschaft, auf Filmhochschulen und in \u00dcbersetzungsinstituten. Der AV\u00dc als Berufsverband f\u00fcr audiovisuelle \u00dcbersetzer*innen stellt sich dabei selbst vor und erreicht insgesamt \u00fcber 250 Zuh\u00f6rer*innen im gesamten deutschsprachigen Raum.<\/p>\n\n\n\n<!--more-->\n<!--noteaser-->\n\n\n\n<p>von Johanna Czerny<\/p>\n\n\n\n<p>Mai 2024 \u2013 etwas tut sich an den Unis und Hochschulen im deutschsprachigen Raum. 10 AV\u00dc-Mitglieder schw\u00e4rmen aus und bringen den Verband f\u00fcr audiovisuelle \u00dcbersetzer*innen in 14 St\u00e4dte, von Flensburg bis Graz, von Leipzig bis D\u00fcsseldorf. Die Aktion nennt sich AV\u00dc goes Uni und wurde ins Leben gerufen, um Berufsfelder wie Film\u00fcbersetzung, Videospiel-Lokalisierung und die Erstellung barrierefreier Fassungen ins Scheinwerferlicht zu r\u00fccken. So soll auf die Chancen und Herausforderungen aufmerksam gemacht werden, die diese Berufe und die dazugeh\u00f6rigen Branchen mit sich bringen, und zwar genau dort wo der Nachwuchs und die zuk\u00fcnftigen Kooperationspartner*innen f\u00fcr die Gewerke sitzen: in Studieng\u00e4ngen der Medienwissenschaft, auf Filmhochschulen und in \u00dcbersetzungsinstituten. Der AV\u00dc als Berufsverband f\u00fcr audiovisuelle \u00dcbersetzer*innen stellt sich dabei selbst vor und erreicht insgesamt \u00fcber 250 Zuh\u00f6rer*innen im gesamten deutschsprachigen Raum.<\/p>\n\n\n\n<p>Die Idee f\u00fcr AV\u00dc goes Uni entstand 2023 auf der Tagung des Berufsverbandes. Eine Handvoll Mitglieder schloss sich zusammen, kontaktierte zahlreiche Hochschulen und Institute, mobilisierte freiwillige Vortragende und r\u00fcstete sie f\u00fcr ihre Veranstaltungen mit Pr\u00e4sentationen und Merch aus. Die Formate waren dabei flexibel an die Mitglieder und Studiengebiete der Universit\u00e4ten angepasst. In Leipzig war der AV\u00dc zum Beispiel auf einem Berufsinformationstag f\u00fcr Studierende vertreten, w\u00e4hrend am SDI M\u00fcnchen eine Podiumsdiskussion mit drei Vertreter*innen aus verschiedenen audiovisuellen \u00dcbersetzungsberufen stattfand, daneben waren Vortr\u00e4ge, Praxis-Workshops und sogar potenziell Onlineformate im Repertoire. Die gesamte Organisation und Durchf\u00fchrung der Aktion fand auf ehrenamtlicher Basis statt \u2013 ein gutes Beispiel f\u00fcr die Solidarit\u00e4t und den kollegialen Austausch, f\u00fcr die der Verband steht.<\/p>\n\n\n\n<figure class=\"wp-block-image size-full\"><img loading=\"lazy\" decoding=\"async\" width=\"1012\" height=\"760\" src=\"https:\/\/blog.avue-ev.de\/wp-content\/uploads\/2024\/12\/avue_merch.jpg\" alt=\"\" class=\"wp-image-228\" srcset=\"https:\/\/blog.avue-ev.de\/wp-content\/uploads\/2024\/12\/avue_merch.jpg 1012w, https:\/\/blog.avue-ev.de\/wp-content\/uploads\/2024\/12\/avue_merch-300x225.jpg 300w, https:\/\/blog.avue-ev.de\/wp-content\/uploads\/2024\/12\/avue_merch-768x577.jpg 768w, https:\/\/blog.avue-ev.de\/wp-content\/uploads\/2024\/12\/avue_merch-676x508.jpg 676w\" sizes=\"auto, (max-width: 1012px) 100vw, 1012px\" \/><figcaption class=\"wp-element-caption\"><em>Sticker, Flyer, Postkarten und Kugelschreiber \u2013 eine bunte Auswahl an AV\u00dc-Merch.<\/em><\/figcaption><\/figure>\n\n\n\n<p>Am 13. Mai 2024 sitze ich im Zug nach Rostock. Mein Laptop ist vor mir aufgeklappt, daneben ein Hei\u00dfgetr\u00e4nk aus dem Bordbistro der Deutschen Bahn. Es ist mein erster Vortrag f\u00fcr die Aktion, mein Publikum sind rund 50 Studierende des Studiengangs Medienwissenschaft an der Universit\u00e4t Rostock. Im Gep\u00e4ck habe ich Flyer und Sticker unseres Verbandes und eine Pr\u00e4sentation, die randvoll ist mit Einblicken in die T\u00e4tigkeit als Videospiel\u00fcbersetzerin, die \u00dcbersetzungsbranche und die aktive Verbandsarbeit im AV\u00dc. Die Pr\u00e4sentation ist gemeinsam mit Kolleg*innen aus der Film\u00fcbersetzung, Untertitelung und Videospiellokalisierung erstellt worden und ich habe sie f\u00fcr diesen Vortrag noch mal frei angepasst. Der Weg von N\u00fcrnberg nach Rostock ist kein Katzensprung, aber das Anliegen liegt mir am Herzen: Audiovisuelle \u00dcbersetzung sichtbar machen.<\/p>\n\n\n\n<figure class=\"wp-block-image size-full\"><img loading=\"lazy\" decoding=\"async\" width=\"989\" height=\"743\" src=\"https:\/\/blog.avue-ev.de\/wp-content\/uploads\/2024\/12\/avue_reise.jpg\" alt=\"\" class=\"wp-image-229\" srcset=\"https:\/\/blog.avue-ev.de\/wp-content\/uploads\/2024\/12\/avue_reise.jpg 989w, https:\/\/blog.avue-ev.de\/wp-content\/uploads\/2024\/12\/avue_reise-300x225.jpg 300w, https:\/\/blog.avue-ev.de\/wp-content\/uploads\/2024\/12\/avue_reise-768x577.jpg 768w, https:\/\/blog.avue-ev.de\/wp-content\/uploads\/2024\/12\/avue_reise-676x508.jpg 676w\" sizes=\"auto, (max-width: 989px) 100vw, 989px\" \/><figcaption class=\"wp-element-caption\"><em>Die letzten Vortragsvorbereitungen im Zug auf dem Weg nach Rostock.<\/em><\/figcaption><\/figure>\n\n\n\n<p>Als die Ringvorlesung beginnt, hei\u00dfen mich die Studierenden in Rostock herzlich willkommen. Sie haben eine kleine Vorstellung vorbereitet. Die Rednerin beginnt zu sprechen, neben ihr steht ein weiterer Student und bl\u00e4ttert f\u00fcr das Publikum Seite f\u00fcr Seite ausgedruckte Untertitel um \u2013 Live-Untertitelung wie ich sie noch nie gesehen habe. Ich bin begeistert. Obwohl die Studierenden nicht selbst \u00dcbersetzung studieren, haben sie viele Fragen. Wie h\u00e4ngt Untertitelung und Synchronisation zusammen? Welche Schwierigkeiten gibt es bei der geschlechtergerechten \u00dcbersetzung von Texten? Ich spreche von #Translatorsinthecredits \u2013 einer Bewegung, die die Nicht-Nennung von Videospiel-\u00dcbersetzer*innen anprangert, da diese sich direkt auf deren Karrierechancen auswirkt. \u00c4hnliche Bewegungen gibt es auch in anderen \u00dcbersetzungsgewerken und man merkt, dass die Ungerechtigkeit die Studierenden bewegt und dass sie gleichzeitig von den Herausforderungen des Berufs fasziniert sind. Meine Hoffnung ist, dass sie sp\u00e4ter, wenn sie selbst mit Medien arbeiten und vielleicht \u00dcbersetzer*innen engagieren, ein Bewusstsein f\u00fcr die Schwierigkeiten und den Wert unserer Arbeit haben.<\/p>\n\n\n<div class=\"wp-block-image\">\n<figure class=\"aligncenter size-full\"><img loading=\"lazy\" decoding=\"async\" width=\"343\" height=\"456\" src=\"https:\/\/blog.avue-ev.de\/wp-content\/uploads\/2024\/12\/avue_vortrag.jpg\" alt=\"\" class=\"wp-image-230\" srcset=\"https:\/\/blog.avue-ev.de\/wp-content\/uploads\/2024\/12\/avue_vortrag.jpg 343w, https:\/\/blog.avue-ev.de\/wp-content\/uploads\/2024\/12\/avue_vortrag-226x300.jpg 226w\" sizes=\"auto, (max-width: 343px) 100vw, 343px\" \/><figcaption class=\"wp-element-caption\"><em>Ein Student aus Rostock (links) pr\u00e4sentiert ausgedruckte Untertitel zu meinem (Johanna Czerny, rechts) Vortrag.<\/em><\/figcaption><\/figure>\n<\/div>\n\n\n<p>Einen Vortrag am I\u00dcD Heidelberg und eine Gespr\u00e4chsrunde mit meinem Kollegen David Drevs an der LMU M\u00fcnchen sp\u00e4ter ist mein Beitrag f\u00fcr die erste Ausgabe der Aktion AV\u00dc goes Uni geleistet. Das Social-Media-Team des Verbandes hat bei der Aufbereitung der Aktion f\u00fcr die sozialen Netzwerke ganze Arbeit geleistet. Aber nach der Aktion ist vor der Aktion und schon jetzt ist die n\u00e4chste Veranstaltung f\u00fcr das Wintersemester geplant und erste Ideen f\u00fcr n\u00e4chstes Jahr sind gesammelt. Am 13.11.24 sitze ich im Zug nach Berlin und schreibe diesen Blogpost als Nachbereitung f\u00fcr unsere, meiner Meinung nach erfolgreiche, Aktion. Ich hoffe, dass wir unseren Beruf noch an vielen Unis vorstellen, langfristig etwas ver\u00e4ndern und Leute f\u00fcr audiovisuelle \u00dcbersetzung begeistern werden. <\/p>\n\n\n\n<p>Also, an welche Uni soll es als N\u00e4chstes gehen? Lass es uns wissen!<\/p>\n\n\n\n<p>Kontakt zum Team:\u00a0<a href=\"mailto:uni@avue-ev.de\" target=\"_blank\" rel=\"noreferrer noopener\">uni@avue-ev.de<\/a>.<\/p>\n\n\n\n<figure class=\"wp-block-image size-full\"><img loading=\"lazy\" decoding=\"async\" width=\"932\" height=\"699\" src=\"https:\/\/blog.avue-ev.de\/wp-content\/uploads\/2024\/12\/avue_vortrag2.jpg\" alt=\"\" class=\"wp-image-231\" srcset=\"https:\/\/blog.avue-ev.de\/wp-content\/uploads\/2024\/12\/avue_vortrag2.jpg 932w, https:\/\/blog.avue-ev.de\/wp-content\/uploads\/2024\/12\/avue_vortrag2-300x225.jpg 300w, https:\/\/blog.avue-ev.de\/wp-content\/uploads\/2024\/12\/avue_vortrag2-768x576.jpg 768w, https:\/\/blog.avue-ev.de\/wp-content\/uploads\/2024\/12\/avue_vortrag2-676x507.jpg 676w\" sizes=\"auto, (max-width: 932px) 100vw, 932px\" \/><figcaption class=\"wp-element-caption\"><em>David Drevs (links) moderiert Podiumsdiskussion mit Angela Starkmann (Mitte) und Alexander Schwarz (rechts).<\/em><\/figcaption><\/figure>\n\n\n<div class=\"wp-block-image\">\n<figure class=\"aligncenter size-full is-resized\"><img loading=\"lazy\" decoding=\"async\" width=\"244\" height=\"325\" src=\"https:\/\/blog.avue-ev.de\/wp-content\/uploads\/2024\/12\/avue_vortrag3.png\" alt=\"\" class=\"wp-image-232\" style=\"width:332px;height:auto\" srcset=\"https:\/\/blog.avue-ev.de\/wp-content\/uploads\/2024\/12\/avue_vortrag3.png 244w, https:\/\/blog.avue-ev.de\/wp-content\/uploads\/2024\/12\/avue_vortrag3-225x300.png 225w\" sizes=\"auto, (max-width: 244px) 100vw, 244px\" \/><figcaption class=\"wp-element-caption\"><em>Franziska Kamp pr\u00e4sentiert f\u00fcr AV\u00dc goes Uni an der Uni Hildesheim.<\/em><\/figcaption><\/figure>\n<\/div>\n\n\n<figure class=\"wp-block-image size-full\"><img loading=\"lazy\" decoding=\"async\" width=\"667\" height=\"890\" src=\"https:\/\/blog.avue-ev.de\/wp-content\/uploads\/2024\/12\/avue_vortrag4.jpg\" alt=\"\" class=\"wp-image-233\" srcset=\"https:\/\/blog.avue-ev.de\/wp-content\/uploads\/2024\/12\/avue_vortrag4.jpg 667w, https:\/\/blog.avue-ev.de\/wp-content\/uploads\/2024\/12\/avue_vortrag4-225x300.jpg 225w\" sizes=\"auto, (max-width: 667px) 100vw, 667px\" \/><figcaption class=\"wp-element-caption\"><em>Melike Bayar (links) und Bettina Arlt (rechts) an der Heinrich-Heine-Universit\u00e4t D\u00fcsseldorf.<\/em><\/figcaption><\/figure>\n\n\n\n<figure class=\"wp-block-image size-full\"><img loading=\"lazy\" decoding=\"async\" width=\"644\" height=\"858\" src=\"https:\/\/blog.avue-ev.de\/wp-content\/uploads\/2024\/12\/avue_vortrag5.jpg\" alt=\"\" class=\"wp-image-234\" srcset=\"https:\/\/blog.avue-ev.de\/wp-content\/uploads\/2024\/12\/avue_vortrag5.jpg 644w, https:\/\/blog.avue-ev.de\/wp-content\/uploads\/2024\/12\/avue_vortrag5-225x300.jpg 225w\" sizes=\"auto, (max-width: 644px) 100vw, 644px\" \/><figcaption class=\"wp-element-caption\"><em>Philipp Diepmans spricht an der Hochschule Flensburg \u00fcber seine Arbeit als \u00dcbersetzer.<\/em><\/figcaption><\/figure>\n","protected":false},"excerpt":{"rendered":"<p>von Johanna Czerny Mai 2024 \u2013 etwas tut sich an den Unis und Hochschulen im deutschsprachigen Raum. 10 AV\u00dc-Mitglieder schw\u00e4rmen aus und bringen den Verband f\u00fcr audiovisuelle \u00dcbersetzer*innen in 14 St\u00e4dte, von Flensburg bis Graz, von Leipzig bis D\u00fcsseldorf. Die Aktion nennt sich AV\u00dc goes Uni und wurde ins Leben gerufen, um Berufsfelder wie Film\u00fcbersetzung, [&hellip;]<\/p>\n","protected":false},"author":8,"featured_media":0,"comment_status":"open","ping_status":"open","sticky":false,"template":"","format":"standard","meta":{"footnotes":""},"categories":[90],"tags":[85,89,86,88,87],"class_list":["post-227","post","type-post","status-publish","format-standard","hentry","category-avue-goes-uni","tag-nachwuchs","tag-sichtbarmachung","tag-uni","tag-verbandsarbeit","tag-wissenschaft","post-preview"],"_links":{"self":[{"href":"https:\/\/blog.avue-ev.de\/index.php?rest_route=\/wp\/v2\/posts\/227","targetHints":{"allow":["GET"]}}],"collection":[{"href":"https:\/\/blog.avue-ev.de\/index.php?rest_route=\/wp\/v2\/posts"}],"about":[{"href":"https:\/\/blog.avue-ev.de\/index.php?rest_route=\/wp\/v2\/types\/post"}],"author":[{"embeddable":true,"href":"https:\/\/blog.avue-ev.de\/index.php?rest_route=\/wp\/v2\/users\/8"}],"replies":[{"embeddable":true,"href":"https:\/\/blog.avue-ev.de\/index.php?rest_route=%2Fwp%2Fv2%2Fcomments&post=227"}],"version-history":[{"count":8,"href":"https:\/\/blog.avue-ev.de\/index.php?rest_route=\/wp\/v2\/posts\/227\/revisions"}],"predecessor-version":[{"id":244,"href":"https:\/\/blog.avue-ev.de\/index.php?rest_route=\/wp\/v2\/posts\/227\/revisions\/244"}],"wp:attachment":[{"href":"https:\/\/blog.avue-ev.de\/index.php?rest_route=%2Fwp%2Fv2%2Fmedia&parent=227"}],"wp:term":[{"taxonomy":"category","embeddable":true,"href":"https:\/\/blog.avue-ev.de\/index.php?rest_route=%2Fwp%2Fv2%2Fcategories&post=227"},{"taxonomy":"post_tag","embeddable":true,"href":"https:\/\/blog.avue-ev.de\/index.php?rest_route=%2Fwp%2Fv2%2Ftags&post=227"}],"curies":[{"name":"wp","href":"https:\/\/api.w.org\/{rel}","templated":true}]}}